{"id":57,"date":"2024-08-04T23:32:59","date_gmt":"2024-08-05T02:32:59","guid":{"rendered":"https:\/\/blog.emporiochapadadiamantina.com.br\/?p=57"},"modified":"2025-11-11T15:41:47","modified_gmt":"2025-11-11T18:41:47","slug":"o-pequeno-principe-visita-a-chapada-diamantina-um-passeio-magico-e-original-pelas-belezas-da-bahia","status":"publish","type":"post","link":"https:\/\/blog.emporiochapadadiamantina.com.br\/index.php\/2024\/08\/04\/o-pequeno-principe-visita-a-chapada-diamantina-um-passeio-magico-e-original-pelas-belezas-da-bahia\/","title":{"rendered":"\u201cO Pequeno Pr\u00edncipe visita a Chapada Diamantina\u201d: um passeio m\u00e1gico e original pelas belezas da Bahia"},"content":{"rendered":"\n[et_pb_section][et_pb_row][et_pb_column type=&#8221;4_4&#8243;][et_pb_text]<!-- divi:paragraph -->\n<p><\/p>\n<!-- \/divi:paragraph -->\n\n<!-- divi:paragraph -->\n<p><\/p>\n<!-- \/divi:paragraph -->\n\n<!-- divi:paragraph {\"fontSize\":\"medium\"} -->\n<p class=\"has-medium-font-size\"><em>Esque\u00e7a a aridez do deserto. O famoso personagem de Saint-Exup\u00e9ry est\u00e1 de volta para viver aventuras filos\u00f3ficas em meio a grutas, vilarejos e cachoeiras paradis\u00edacas.<\/em><\/p>\n<!-- \/divi:paragraph -->\n\n<!-- divi:paragraph {\"dropCap\":true} -->\n<p class=\"has-drop-cap\">Vale do Cap\u00e3o. Domingo. Dia de feira livre. A profus\u00e3o de sotaques ecoa entre as barracas dispostas no centro da vila. Pessoas de todas as partes do mundo se encontram ali para vender e comprar mercadorias: roupas, iguarias, hortali\u00e7as e muitas pe\u00e7as artesanais. A situa\u00e7\u00e3o seria corriqueira se n\u00e3o fosse a presen\u00e7a de um pequeno visitante fascinado com uma banca de cristais. Apesar de ser louro e usar cachecol no pesco\u00e7o, ele n\u00e3o \u00e9 alem\u00e3o, irland\u00eas ou norte-americano. Ele veio de um lugar muito mais distante. Ele veio de outro mundo.<\/p>\n<!-- \/divi:paragraph -->\n\n<!-- divi:paragraph -->\n<p>No rec\u00e9m-lan\u00e7ado \u201cO Pequeno Pr\u00edncipe visita a Chapada Diamantina\u201d, a escritora Christiane Couve de Murville descreve cenas como essa. Setenta e nove anos depois de se despedir do aviador no deserto do Saara, o Petit volta \u00e0 Terra para conhecer um garimpeiro, que \u00e9 o narrador da hist\u00f3ria, e viajar com ele pelas belas paisagens da regi\u00e3o central da Bahia. O Serrano, a Gruta da Lapa Doce, o Po\u00e7o Azul, a Cachoeira da Fuma\u00e7a e at\u00e9 a feira livre do Cap\u00e3o est\u00e3o entre os pontos visitados pela inesperada dupla.<\/p>\n<!-- \/divi:paragraph -->\n\n<!-- divi:image {\"id\":58,\"sizeSlug\":\"full\",\"linkDestination\":\"none\",\"align\":\"center\"} -->\n<figure class=\"wp-block-image aligncenter size-full\"><img loading=\"lazy\" decoding=\"async\" width=\"561\" height=\"327\" src=\"https:\/\/blog.emporiochapadadiamantina.com.br\/wp-content\/uploads\/2024\/08\/img07.jpg\" alt=\"\" class=\"wp-image-58\" srcset=\"https:\/\/blog.emporiochapadadiamantina.com.br\/wp-content\/uploads\/2024\/08\/img07.jpg 561w, https:\/\/blog.emporiochapadadiamantina.com.br\/wp-content\/uploads\/2024\/08\/img07-480x280.jpg 480w\" sizes=\"(min-width: 0px) and (max-width: 480px) 480px, (min-width: 481px) 561px, 100vw\" \/><figcaption class=\"wp-element-caption\"><em>Pequeno chapadeiro:&nbsp;lan\u00e7ada em duas vers\u00f5es (uma para ler e outra para colorir), a obra de Christiane de Murville coloca o Petit em contato com a natureza da Chapada Diamantina.<\/em><\/figcaption><\/figure>\n<!-- \/divi:image -->\n\n<!-- divi:paragraph -->\n<p>O texto fluido e nitidamente dedicado ao p\u00fablico infantojuvenil (similar \u00e0quele escrito por Saint-Exup\u00e9ry) est\u00e1 cheio de refer\u00eancias do livro original: a cobra, as estrelas e, \u00e9 claro, a rosa. A rara flor \u00e9, ali\u00e1s, um elemento onipresente na narrativa. \u00c9 a busca por ela que impulsiona a aventura, aproxima os dois protagonistas e conduz a trama.<\/p>\n<!-- \/divi:paragraph -->\n\n<!-- divi:paragraph -->\n<p>Com destreza, Christiane Couve de Murville cria paralelos entre os elementos da conhecida vers\u00e3o escrita pelo autor franc\u00eas e o cen\u00e1rio baiano: a delicada rosa do pr\u00edncipe e as resistentes sempre-vivas da Chapada; a trai\u00e7oeira serpente do deserto e a jararaca, t\u00edpico r\u00e9ptil do sert\u00e3o; os 43 ocasos do aster\u00f3ide B-612 e o \u00fanico e inigual\u00e1vel p\u00f4r-do-sol visto do topo do Pai In\u00e1cio.<\/p>\n<!-- \/divi:paragraph -->\n\n<!-- divi:image {\"id\":59,\"sizeSlug\":\"full\",\"linkDestination\":\"none\",\"align\":\"center\"} -->\n<figure class=\"wp-block-image aligncenter size-full\"><img loading=\"lazy\" decoding=\"async\" width=\"402\" height=\"614\" src=\"https:\/\/blog.emporiochapadadiamantina.com.br\/wp-content\/uploads\/2024\/08\/img08.jpg\" alt=\"\" class=\"wp-image-59\" srcset=\"https:\/\/blog.emporiochapadadiamantina.com.br\/wp-content\/uploads\/2024\/08\/img08.jpg 402w, https:\/\/blog.emporiochapadadiamantina.com.br\/wp-content\/uploads\/2024\/08\/img08-196x300.jpg 196w\" sizes=\"(max-width: 402px) 100vw, 402px\" \/><figcaption class=\"wp-element-caption\"><em>Viajante incans\u00e1vel:&nbsp;o Pequeno Pr\u00edncipe cruza os c\u00e9us de Igatu e conhece a Igreja de S\u00e3o Sebasti\u00e3o, cart\u00e3o-postal do vilarejo. Foto: reprodu\u00e7\u00e3o\/O Pequeno Pr\u00edncipe visita a Chapada Diamantina.<\/em><\/figcaption><\/figure>\n<!-- \/divi:image -->\n\n<!-- divi:paragraph -->\n<p>Reminisc\u00eancias do estilo emotivo e filos\u00f3fico da obra de Saint-Exup\u00e9ry est\u00e3o igualmente presentes na moderna releitura feita por Christiane de Murville. H\u00e1 men\u00e7\u00f5es \u00e0 saudade, \u00e0 amizade e aos anseios humanos diante da imensid\u00e3o do universo. Dilu\u00eddas nessas confiss\u00f5es aparecem informa\u00e7\u00f5es sobre a biodiversidade da regi\u00e3o, a hist\u00f3ria do garimpo e as numerosas lendas de cidades perdidas, portais dimensionais e luzes misteriosas, temas j\u00e1 explorados por Murville na trilogia&nbsp;<a href=\"https:\/\/blog.emporiochapadadiamantina.com.br\/tres-reflexoes-sobre-a-chapada-diamantina-que-so-a-trilogia-a-caverna-cristalina-nos-proporciona\/\">\u201cA Caverna Cristalina\u201d<\/a>, que tamb\u00e9m se passa na Chapada.<\/p>\n<!-- \/divi:paragraph -->\n\n<!-- divi:paragraph -->\n<p>Em \u201cO Pequeno Pr\u00edncipe visita a Chapada Diamantina\u201d, as paisagens e os relatos m\u00edticos aparecem fartamente representados em ilustra\u00e7\u00f5es que se espalham por todas as p\u00e1ginas. Novamente, Christiane de Murville tem o cuidado de manter a conex\u00e3o com o original: os desenhos, aquarelados e feitos por ela, lembram bastante o tra\u00e7ado art\u00edstico do aviador franc\u00eas criador do principezinho.<\/p>\n<!-- \/divi:paragraph -->\n\n<!-- divi:paragraph -->\n<p><strong>O pequeno para os pequenos<\/strong><\/p>\n<!-- \/divi:paragraph -->\n\n<!-- divi:paragraph -->\n<p>Os leitores menores, ou at\u00e9 mesmo as crian\u00e7as que n\u00e3o sabem ler ainda, tamb\u00e9m podem embarcar nas aventuras do jovem nobre pelas trilhas do cora\u00e7\u00e3o da Bahia. Al\u00e9m do livro com a hist\u00f3ria e as imagens coloridas, foi lan\u00e7ada uma vers\u00e3o em tamanho maior, com pouco texto e muitos desenhos para serem pintados. Intitulado como \u201cColorindo com o Pequeno Pr\u00edncipe a Chapada Diamantina\u201d, o projeto traz a narrativa condensada em breves linhas e ilustra\u00e7\u00f5es em preto e branco.<\/p>\n<!-- \/divi:paragraph -->\n\n<!-- divi:image {\"id\":60,\"sizeSlug\":\"full\",\"linkDestination\":\"none\",\"align\":\"center\"} -->\n<figure class=\"wp-block-image aligncenter size-full\"><img loading=\"lazy\" decoding=\"async\" width=\"233\" height=\"300\" src=\"https:\/\/blog.emporiochapadadiamantina.com.br\/wp-content\/uploads\/2024\/08\/img09.jpg\" alt=\"\" class=\"wp-image-60\"\/><figcaption class=\"wp-element-caption\"><em>Viagem para os pequeninos:&nbsp;na vers\u00e3o para colorir, as mesmas ilustra\u00e7\u00f5es da vers\u00e3o com a hist\u00f3ria completa aparecem prontas para ganhar cores novas. Foto: reprodu\u00e7\u00e3o\/O Pequeno Pr\u00edncipe visita a Chapada Diamantina.<\/em><\/figcaption><\/figure>\n<!-- \/divi:image -->\n\n<!-- divi:paragraph -->\n<p><strong>Novas rotas<\/strong><\/p>\n<!-- \/divi:paragraph -->\n\n<!-- divi:paragraph -->\n<p>Se depender de Christiane de Murville, as aventuras do Petit est\u00e3o longe de terminar, e v\u00e1rios livros sobre ele ainda ser\u00e3o publicados. Por meio das adapta\u00e7\u00f5es da autora, o menininho louro j\u00e1 visitou S\u00e3o Paulo, j\u00e1 esteve na Chapada e agora segue em dire\u00e7\u00e3o ao Maranh\u00e3o. \u201cA ideia \u00e9 que ele visite o Brasil inteiro\u201d, revela a escritora. As andan\u00e7as do pequenino cresceram tanto que viraram at\u00e9 uma cole\u00e7\u00e3o na editora Tocalivros: \u201cAs viagens do Pequeno Pr\u00edncipe\u201d.<\/p>\n<!-- \/divi:paragraph -->\n\n<!-- divi:paragraph -->\n<p>Num avi\u00e3o, na cauda de uma estrela ou sob os portais m\u00e1gicos de uma cachoeira, n\u00f3s seguiremos acompanhando o pequeno e ador\u00e1vel principezinho \u2015 seja para onde for. Gera\u00e7\u00e3o ap\u00f3s gera\u00e7\u00e3o, destino ap\u00f3s destino, releitura ap\u00f3s releitura, ele continua nos ensinando a enxergar o que est\u00e1 al\u00e9m das apar\u00eancias.<\/p>\n<!-- \/divi:paragraph -->\n\n<!-- divi:paragraph -->\n<p>\u201cO Pequeno Pr\u00edncipe visita a Chapada Diamantina\u201d nos faz perceber os profundos ensinamentos que est\u00e3o escondidos na natureza da nossa regi\u00e3o. Com essa recente viagem do ador\u00e1vel menininho, aprendemos que plantas, cristais e um simples garimpeiro podem nos ensinar verdades perenes, mas comumente despercebidas. O essencial, afinal, ainda \u00e9 invis\u00edvel aos olhos.<\/p>\n<!-- \/divi:paragraph -->\n\n<!-- divi:paragraph -->\n<p>Clique aqui e adquira agora mesmo&nbsp;<a href=\"https:\/\/www.emporiochapadadiamantina.com.br\/loja\/produto.php?loja=490820&amp;IdProd=671&amp;iniSession=1&amp;61f96b351e206\">\u201cO Pequeno Pr\u00edncipe visita a Chapada Diamantina\u201d<\/a>.<\/p>\n<!-- \/divi:paragraph -->\n\n<!-- divi:paragraph -->\n<p>Veja tamb\u00e9m o conte\u00fado em v\u00eddeo que o canal Lucas da Chapada preparou sobre esse assunto:<\/p>\n<!-- \/divi:paragraph -->\n\n<!-- divi:embed {\"url\":\"https:\/\/www.youtube.com\/watch?v=n2ZpwfnEQ5U\\u0026t=31s\",\"type\":\"video\",\"providerNameSlug\":\"youtube\",\"responsive\":true,\"className\":\"wp-embed-aspect-16-9 wp-has-aspect-ratio\"} -->\n<figure class=\"wp-block-embed is-type-video is-provider-youtube wp-block-embed-youtube wp-embed-aspect-16-9 wp-has-aspect-ratio\"><div class=\"wp-block-embed__wrapper\">\n<iframe loading=\"lazy\" title=\"O PEQUENO PR\u00cdNCIPE na CHAPADA DIAMANTINA\u2502Lucas da Chapada\" width=\"1080\" height=\"608\" src=\"https:\/\/www.youtube.com\/embed\/n2ZpwfnEQ5U?start=31&#038;feature=oembed\"  allow=\"accelerometer; autoplay; clipboard-write; encrypted-media; gyroscope; picture-in-picture; web-share\" referrerpolicy=\"strict-origin-when-cross-origin\" allowfullscreen><\/iframe>\n<\/div><\/figure>\n<!-- \/divi:embed -->[\/et_pb_text][\/et_pb_column][\/et_pb_row][\/et_pb_section]\n","protected":false},"excerpt":{"rendered":"<p>Esque\u00e7a a aridez do deserto. O famoso personagem de Saint-Exup\u00e9ry est\u00e1 de volta para viver aventuras filos\u00f3ficas em meio a grutas, vilarejos e cachoeiras paradis\u00edacas.<\/p>\n","protected":false},"author":1,"featured_media":58,"comment_status":"open","ping_status":"open","sticky":false,"template":"","format":"standard","meta":{"_et_pb_use_builder":"on","_et_pb_old_content":"<!-- wp:paragraph -->\n<p><\/p>\n<!-- \/wp:paragraph -->\n\n<!-- wp:paragraph -->\n<p><\/p>\n<!-- \/wp:paragraph -->\n\n<!-- wp:paragraph {\"fontSize\":\"medium\"} -->\n<p class=\"has-medium-font-size\"><em>Esque\u00e7a a aridez do deserto. O famoso personagem de Saint-Exup\u00e9ry est\u00e1 de volta para viver aventuras filos\u00f3ficas em meio a grutas, vilarejos e cachoeiras paradis\u00edacas.<\/em><\/p>\n<!-- \/wp:paragraph -->\n\n<!-- wp:paragraph {\"dropCap\":true} -->\n<p class=\"has-drop-cap\">Vale do Cap\u00e3o. Domingo. Dia de feira livre. A profus\u00e3o de sotaques ecoa entre as barracas dispostas no centro da vila. Pessoas de todas as partes do mundo se encontram ali para vender e comprar mercadorias: roupas, iguarias, hortali\u00e7as e muitas pe\u00e7as artesanais. A situa\u00e7\u00e3o seria corriqueira se n\u00e3o fosse a presen\u00e7a de um pequeno visitante fascinado com uma banca de cristais. Apesar de ser louro e usar cachecol no pesco\u00e7o, ele n\u00e3o \u00e9 alem\u00e3o, irland\u00eas ou norte-americano. Ele veio de um lugar muito mais distante. Ele veio de outro mundo.<\/p>\n<!-- \/wp:paragraph -->\n\n<!-- wp:paragraph -->\n<p>No rec\u00e9m-lan\u00e7ado \u201cO Pequeno Pr\u00edncipe visita a Chapada Diamantina\u201d, a escritora Christiane Couve de Murville descreve cenas como essa. Setenta e nove anos depois de se despedir do aviador no deserto do Saara, o Petit volta \u00e0 Terra para conhecer um garimpeiro, que \u00e9 o narrador da hist\u00f3ria, e viajar com ele pelas belas paisagens da regi\u00e3o central da Bahia. O Serrano, a Gruta da Lapa Doce, o Po\u00e7o Azul, a Cachoeira da Fuma\u00e7a e at\u00e9 a feira livre do Cap\u00e3o est\u00e3o entre os pontos visitados pela inesperada dupla.<\/p>\n<!-- \/wp:paragraph -->\n\n<!-- wp:image {\"id\":58,\"sizeSlug\":\"full\",\"linkDestination\":\"none\",\"align\":\"center\"} -->\n<figure class=\"wp-block-image aligncenter size-full\"><img src=\"https:\/\/blog.emporiochapadadiamantina.com.br\/wp-content\/uploads\/2024\/08\/img07.jpg\" alt=\"\" class=\"wp-image-58\"\/><figcaption class=\"wp-element-caption\"><em>Pequeno chapadeiro:&nbsp;lan\u00e7ada em duas vers\u00f5es (uma para ler e outra para colorir), a obra de Christiane de Murville coloca o Petit em contato com a natureza da Chapada Diamantina.<\/em><\/figcaption><\/figure>\n<!-- \/wp:image -->\n\n<!-- wp:paragraph -->\n<p>O texto fluido e nitidamente dedicado ao p\u00fablico infantojuvenil (similar \u00e0quele escrito por Saint-Exup\u00e9ry) est\u00e1 cheio de refer\u00eancias do livro original: a cobra, as estrelas e, \u00e9 claro, a rosa. A rara flor \u00e9, ali\u00e1s, um elemento onipresente na narrativa. \u00c9 a busca por ela que impulsiona a aventura, aproxima os dois protagonistas e conduz a trama.<\/p>\n<!-- \/wp:paragraph -->\n\n<!-- wp:paragraph -->\n<p>Com destreza, Christiane Couve de Murville cria paralelos entre os elementos da conhecida vers\u00e3o escrita pelo autor franc\u00eas e o cen\u00e1rio baiano: a delicada rosa do pr\u00edncipe e as resistentes sempre-vivas da Chapada; a trai\u00e7oeira serpente do deserto e a jararaca, t\u00edpico r\u00e9ptil do sert\u00e3o; os 43 ocasos do aster\u00f3ide B-612 e o \u00fanico e inigual\u00e1vel p\u00f4r-do-sol visto do topo do Pai In\u00e1cio.<\/p>\n<!-- \/wp:paragraph -->\n\n<!-- wp:image {\"id\":59,\"sizeSlug\":\"full\",\"linkDestination\":\"none\",\"align\":\"center\"} -->\n<figure class=\"wp-block-image aligncenter size-full\"><img src=\"https:\/\/blog.emporiochapadadiamantina.com.br\/wp-content\/uploads\/2024\/08\/img08.jpg\" alt=\"\" class=\"wp-image-59\"\/><figcaption class=\"wp-element-caption\"><em>Viajante incans\u00e1vel:&nbsp;o Pequeno Pr\u00edncipe cruza os c\u00e9us de Igatu e conhece a Igreja de S\u00e3o Sebasti\u00e3o, cart\u00e3o-postal do vilarejo. Foto: reprodu\u00e7\u00e3o\/O Pequeno Pr\u00edncipe visita a Chapada Diamantina.<\/em><\/figcaption><\/figure>\n<!-- \/wp:image -->\n\n<!-- wp:paragraph -->\n<p>Reminisc\u00eancias do estilo emotivo e filos\u00f3fico da obra de Saint-Exup\u00e9ry est\u00e3o igualmente presentes na moderna releitura feita por Christiane de Murville. H\u00e1 men\u00e7\u00f5es \u00e0 saudade, \u00e0 amizade e aos anseios humanos diante da imensid\u00e3o do universo. Dilu\u00eddas nessas confiss\u00f5es aparecem informa\u00e7\u00f5es sobre a biodiversidade da regi\u00e3o, a hist\u00f3ria do garimpo e as numerosas lendas de cidades perdidas, portais dimensionais e luzes misteriosas, temas j\u00e1 explorados por Murville na trilogia&nbsp;<a href=\"https:\/\/blog.emporiochapadadiamantina.com.br\/tres-reflexoes-sobre-a-chapada-diamantina-que-so-a-trilogia-a-caverna-cristalina-nos-proporciona\/\">\u201cA Caverna Cristalina\u201d<\/a>, que tamb\u00e9m se passa na Chapada.<\/p>\n<!-- \/wp:paragraph -->\n\n<!-- wp:paragraph -->\n<p>Em \u201cO Pequeno Pr\u00edncipe visita a Chapada Diamantina\u201d, as paisagens e os relatos m\u00edticos aparecem fartamente representados em ilustra\u00e7\u00f5es que se espalham por todas as p\u00e1ginas. Novamente, Christiane de Murville tem o cuidado de manter a conex\u00e3o com o original: os desenhos, aquarelados e feitos por ela, lembram bastante o tra\u00e7ado art\u00edstico do aviador franc\u00eas criador do principezinho.<\/p>\n<!-- \/wp:paragraph -->\n\n<!-- wp:paragraph -->\n<p><strong>O pequeno para os pequenos<\/strong><\/p>\n<!-- \/wp:paragraph -->\n\n<!-- wp:paragraph -->\n<p>Os leitores menores, ou at\u00e9 mesmo as crian\u00e7as que n\u00e3o sabem ler ainda, tamb\u00e9m podem embarcar nas aventuras do jovem nobre pelas trilhas do cora\u00e7\u00e3o da Bahia. Al\u00e9m do livro com a hist\u00f3ria e as imagens coloridas, foi lan\u00e7ada uma vers\u00e3o em tamanho maior, com pouco texto e muitos desenhos para serem pintados. Intitulado como \u201cColorindo com o Pequeno Pr\u00edncipe a Chapada Diamantina\u201d, o projeto traz a narrativa condensada em breves linhas e ilustra\u00e7\u00f5es em preto e branco.<\/p>\n<!-- \/wp:paragraph -->\n\n<!-- wp:image {\"id\":60,\"sizeSlug\":\"full\",\"linkDestination\":\"none\",\"align\":\"center\"} -->\n<figure class=\"wp-block-image aligncenter size-full\"><img src=\"https:\/\/blog.emporiochapadadiamantina.com.br\/wp-content\/uploads\/2024\/08\/img09.jpg\" alt=\"\" class=\"wp-image-60\"\/><figcaption class=\"wp-element-caption\"><em>Viagem para os pequeninos:&nbsp;na vers\u00e3o para colorir, as mesmas ilustra\u00e7\u00f5es da vers\u00e3o com a hist\u00f3ria completa aparecem prontas para ganhar cores novas. Foto: reprodu\u00e7\u00e3o\/O Pequeno Pr\u00edncipe visita a Chapada Diamantina.<\/em><\/figcaption><\/figure>\n<!-- \/wp:image -->\n\n<!-- wp:paragraph -->\n<p><strong>Novas rotas<\/strong><\/p>\n<!-- \/wp:paragraph -->\n\n<!-- wp:paragraph -->\n<p>Se depender de Christiane de Murville, as aventuras do Petit est\u00e3o longe de terminar, e v\u00e1rios livros sobre ele ainda ser\u00e3o publicados. Por meio das adapta\u00e7\u00f5es da autora, o menininho louro j\u00e1 visitou S\u00e3o Paulo, j\u00e1 esteve na Chapada e agora segue em dire\u00e7\u00e3o ao Maranh\u00e3o. \u201cA ideia \u00e9 que ele visite o Brasil inteiro\u201d, revela a escritora. As andan\u00e7as do pequenino cresceram tanto que viraram at\u00e9 uma cole\u00e7\u00e3o na editora Tocalivros: \u201cAs viagens do Pequeno Pr\u00edncipe\u201d.<\/p>\n<!-- \/wp:paragraph -->\n\n<!-- wp:paragraph -->\n<p>Num avi\u00e3o, na cauda de uma estrela ou sob os portais m\u00e1gicos de uma cachoeira, n\u00f3s seguiremos acompanhando o pequeno e ador\u00e1vel principezinho \u2015 seja para onde for. Gera\u00e7\u00e3o ap\u00f3s gera\u00e7\u00e3o, destino ap\u00f3s destino, releitura ap\u00f3s releitura, ele continua nos ensinando a enxergar o que est\u00e1 al\u00e9m das apar\u00eancias.<\/p>\n<!-- \/wp:paragraph -->\n\n<!-- wp:paragraph -->\n<p>\u201cO Pequeno Pr\u00edncipe visita a Chapada Diamantina\u201d nos faz perceber os profundos ensinamentos que est\u00e3o escondidos na natureza da nossa regi\u00e3o. Com essa recente viagem do ador\u00e1vel menininho, aprendemos que plantas, cristais e um simples garimpeiro podem nos ensinar verdades perenes, mas comumente despercebidas. O essencial, afinal, ainda \u00e9 invis\u00edvel aos olhos.<\/p>\n<!-- \/wp:paragraph -->\n\n<!-- wp:paragraph -->\n<p>Clique aqui e adquira agora mesmo&nbsp;<a href=\"https:\/\/www.emporiochapadadiamantina.com.br\/loja\/produto.php?loja=490820&amp;IdProd=671&amp;iniSession=1&amp;61f96b351e206\">\u201cO Pequeno Pr\u00edncipe visita a Chapada Diamantina\u201d<\/a>.<\/p>\n<!-- \/wp:paragraph -->\n\n<!-- wp:paragraph -->\n<p>Veja tamb\u00e9m o conte\u00fado em v\u00eddeo que o canal Lucas da Chapada preparou sobre esse assunto:<\/p>\n<!-- \/wp:paragraph -->\n\n<!-- wp:embed {\"url\":\"https:\/\/www.youtube.com\/watch?v=n2ZpwfnEQ5U\\u0026t=31s\",\"type\":\"video\",\"providerNameSlug\":\"youtube\",\"responsive\":true,\"className\":\"wp-embed-aspect-16-9 wp-has-aspect-ratio\"} -->\n<figure class=\"wp-block-embed is-type-video is-provider-youtube wp-block-embed-youtube wp-embed-aspect-16-9 wp-has-aspect-ratio\"><div class=\"wp-block-embed__wrapper\">\nhttps:\/\/www.youtube.com\/watch?v=n2ZpwfnEQ5U&amp;t=31s\n<\/div><\/figure>\n<!-- \/wp:embed -->","_et_gb_content_width":"","footnotes":""},"categories":[7],"tags":[],"class_list":["post-57","post","type-post","status-publish","format-standard","has-post-thumbnail","hentry","category-livros"],"_links":{"self":[{"href":"https:\/\/blog.emporiochapadadiamantina.com.br\/index.php\/wp-json\/wp\/v2\/posts\/57","targetHints":{"allow":["GET"]}}],"collection":[{"href":"https:\/\/blog.emporiochapadadiamantina.com.br\/index.php\/wp-json\/wp\/v2\/posts"}],"about":[{"href":"https:\/\/blog.emporiochapadadiamantina.com.br\/index.php\/wp-json\/wp\/v2\/types\/post"}],"author":[{"embeddable":true,"href":"https:\/\/blog.emporiochapadadiamantina.com.br\/index.php\/wp-json\/wp\/v2\/users\/1"}],"replies":[{"embeddable":true,"href":"https:\/\/blog.emporiochapadadiamantina.com.br\/index.php\/wp-json\/wp\/v2\/comments?post=57"}],"version-history":[{"count":7,"href":"https:\/\/blog.emporiochapadadiamantina.com.br\/index.php\/wp-json\/wp\/v2\/posts\/57\/revisions"}],"predecessor-version":[{"id":366,"href":"https:\/\/blog.emporiochapadadiamantina.com.br\/index.php\/wp-json\/wp\/v2\/posts\/57\/revisions\/366"}],"wp:featuredmedia":[{"embeddable":true,"href":"https:\/\/blog.emporiochapadadiamantina.com.br\/index.php\/wp-json\/wp\/v2\/media\/58"}],"wp:attachment":[{"href":"https:\/\/blog.emporiochapadadiamantina.com.br\/index.php\/wp-json\/wp\/v2\/media?parent=57"}],"wp:term":[{"taxonomy":"category","embeddable":true,"href":"https:\/\/blog.emporiochapadadiamantina.com.br\/index.php\/wp-json\/wp\/v2\/categories?post=57"},{"taxonomy":"post_tag","embeddable":true,"href":"https:\/\/blog.emporiochapadadiamantina.com.br\/index.php\/wp-json\/wp\/v2\/tags?post=57"}],"curies":[{"name":"wp","href":"https:\/\/api.w.org\/{rel}","templated":true}]}}