{"id":308,"date":"2025-01-27T19:03:27","date_gmt":"2025-01-27T22:03:27","guid":{"rendered":"https:\/\/blog.emporiochapadadiamantina.com.br\/?p=308"},"modified":"2025-11-02T09:54:02","modified_gmt":"2025-11-02T12:54:02","slug":"descubra-os-beneficios-terapeuticos-das-argilas-do-vale-do-capao","status":"publish","type":"post","link":"https:\/\/blog.emporiochapadadiamantina.com.br\/index.php\/2025\/01\/27\/descubra-os-beneficios-terapeuticos-das-argilas-do-vale-do-capao\/","title":{"rendered":"Descubra os benef\u00edcios terap\u00eauticos das argilas do Vale do Cap\u00e3o"},"content":{"rendered":"\n<p class=\"has-medium-font-size\"><em>Tradi\u00e7\u00e3o ancestral no vilarejo da Chapada Diamantina, a argiloterapia une ci\u00eancia e sabedoria popular em prol da sa\u00fade e bem-estar<\/em><\/p>\n\n\n\n<p class=\"has-drop-cap\">O Vale do Cap\u00e3o \u00e9 conhecido por suas paisagens exuberantes e pela forte conex\u00e3o de seus habitantes com a natureza. H\u00e1 mais de tr\u00eas d\u00e9cadas, os moradores locais utilizam, por exemplo, argilas extra\u00eddas do solo para tratar diversas enfermidades e produzir cosm\u00e9ticos terap\u00eauticos. Essa pr\u00e1tica, enraizada na cultura do vilarejo, despertou o interesse da comunidade cient\u00edfica, que buscou compreender os fundamentos por tr\u00e1s dos benef\u00edcios atribu\u00eddos a essas argilas.<\/p>\n\n\n\n<figure class=\"wp-block-image aligncenter size-large\"><img loading=\"lazy\" decoding=\"async\" width=\"1024\" height=\"581\" src=\"https:\/\/blog.emporiochapadadiamantina.com.br\/wp-content\/uploads\/2025\/01\/photo_4954143732991635571_y-1024x581.jpg\" alt=\"Argilas do Cap\u00e3o\" class=\"wp-image-309\" srcset=\"https:\/\/blog.emporiochapadadiamantina.com.br\/wp-content\/uploads\/2025\/01\/photo_4954143732991635571_y-1024x581.jpg 1024w, https:\/\/blog.emporiochapadadiamantina.com.br\/wp-content\/uploads\/2025\/01\/photo_4954143732991635571_y-980x556.jpg 980w, https:\/\/blog.emporiochapadadiamantina.com.br\/wp-content\/uploads\/2025\/01\/photo_4954143732991635571_y-480x272.jpg 480w\" sizes=\"(min-width: 0px) and (max-width: 480px) 480px, (min-width: 481px) and (max-width: 980px) 980px, (min-width: 981px) 1024px, 100vw\" \/><figcaption class=\"wp-element-caption\"><em>As argilas do Vale do Cap\u00e3o t\u00eam cores variadas e s\u00e3o usadas mais frequentemente em m\u00e1scaras faciais e sabonetes. Foto: Lucas da Chapada.<\/em><\/figcaption><\/figure>\n\n\n\n<p>Em 2018, a engenheira geol\u00f3gica Beatriz Coura Nardy realizou um <a href=\"https:\/\/www.monografias.ufop.br\/handle\/35400000\/864\" data-type=\"link\" data-id=\"https:\/\/www.monografias.ufop.br\/handle\/35400000\/864\">estudo<\/a> aprofundado sobre as argilas do Vale do Cap\u00e3o. Ap\u00f3s coletar amostras do solo local e analis\u00e1-las nos laborat\u00f3rios da Universidade Federal de Ouro Preto, em Minas Gerais, a pesquisadora concluiu que o material pel\u00edtico amplamente utilizado na regi\u00e3o possui grande potencial terap\u00eautico.<\/p>\n\n\n\n<p>O estudo avaliou argilas de diferentes colora\u00e7\u00f5es \u2014 branca, vermelha e amarela \u2014 considerando suas propriedades geoqu\u00edmicas, mineral\u00f3gicas e f\u00edsico-qu\u00edmicas. De acordo com Nardy, os solos do Cap\u00e3o s\u00e3o mais evolu\u00eddos, profundos e ricos em argilas em compara\u00e7\u00e3o a outras \u00e1reas da Chapada Diamantina. Essas caracter\u00edsticas conferem \u00e0s argilas locais uma composi\u00e7\u00e3o rica em caulinita, granulometria extremamente fina e alta capacidade de absor\u00e7\u00e3o e adsor\u00e7\u00e3o. Tais propriedades s\u00e3o fundamentais para a remo\u00e7\u00e3o de oleosidade, elimina\u00e7\u00e3o de secre\u00e7\u00f5es e desintoxica\u00e7\u00e3o da pele.<\/p>\n\n\n\n<p>\u00c1ureo Augusto, m\u00e9dico residente no Vale do Cap\u00e3o, tamb\u00e9m reconhece o valor terap\u00eautico das argilas. Em seu &#8220;<a href=\"\/efaidnbmnnnibpcajpcglclefindmkaj\/https:\/\/www.aureoaugusto.com\/download\/mpn.pdf\" data-type=\"link\" data-id=\"\/efaidnbmnnnibpcajpcglclefindmkaj\/https:\/\/www.aureoaugusto.com\/download\/mpn.pdf\">Manual com os principais procedimentos naturalistas<\/a>&#8220;, ele relata diversas experi\u00eancias bem-sucedidas com o uso de pastas de argila, destacando sua capacidade de retirar toxinas do organismo, regenerar tecidos e prevenir inflama\u00e7\u00f5es.<\/p>\n\n\n\n<p>Para aqueles que desejam experimentar os benef\u00edcios das argilas do Cap\u00e3o, uma excelente op\u00e7\u00e3o s\u00e3o os produtos da marca <a href=\"https:\/\/www.emporiochapadadiamantina.com.br\/cheiro-de-mato\" data-type=\"link\" data-id=\"https:\/\/www.emporiochapadadiamantina.com.br\/cheiro-de-mato\">Cheiro de Mato<\/a>. Produzidos artesanalmente na vila, esses cosm\u00e9ticos naturais incorporam argilas vermelha ou amarela em suas formula\u00e7\u00f5es. Os sabonetes terap\u00eauticos da Cheiro de Mato s\u00e3o 100% naturais, veganos e biodegrad\u00e1veis. Eles refletem, portanto, o compromisso com a sa\u00fade e o meio ambiente.<\/p>\n\n\n\n<p>No <a href=\"https:\/\/www.emporiochapadadiamantina.com.br\/\" data-type=\"link\" data-id=\"https:\/\/www.emporiochapadadiamantina.com.br\/\">Emp\u00f3rio Chapada Diamantina<\/a>, voc\u00ea encontra a linha completa de produtos da Cheiro de Mato, incluindo sabonetes terap\u00eauticos, shampoos s\u00f3lidos e outros cosm\u00e9ticos naturais. Aproveite essa oportunidade de vivenciar o poder curativo do solo do Cap\u00e3o em sua rotina di\u00e1ria de cuidados pessoais.<\/p>\n\n\n\n<p>Veja este conte\u00fado tamb\u00e9m em v\u00eddeo:<\/p>\n\n\n\n<figure class=\"wp-block-embed is-type-video is-provider-youtube wp-block-embed-youtube wp-embed-aspect-16-9 wp-has-aspect-ratio\"><div class=\"wp-block-embed__wrapper\">\n<iframe loading=\"lazy\" title=\"As PODEROSAS ARGILAS do VALE do CAP\u00c3O | Lucas da Chapada\" width=\"1080\" height=\"608\" src=\"https:\/\/www.youtube.com\/embed\/Bmu6ZVNLZnQ?start=4&#038;feature=oembed\"  allow=\"accelerometer; autoplay; clipboard-write; encrypted-media; gyroscope; picture-in-picture; web-share\" referrerpolicy=\"strict-origin-when-cross-origin\" allowfullscreen><\/iframe>\n<\/div><\/figure>\n","protected":false},"excerpt":{"rendered":"<p>Tradi\u00e7\u00e3o ancestral no vilarejo da Chapada Diamantina, a argiloterapia une ci\u00eancia e sabedoria popular em prol da sa\u00fade e bem-estar O Vale do Cap\u00e3o \u00e9 conhecido por suas paisagens exuberantes e pela forte conex\u00e3o de seus habitantes com a natureza. H\u00e1 mais de tr\u00eas d\u00e9cadas, os moradores locais utilizam, por exemplo, argilas extra\u00eddas do solo [&hellip;]<\/p>\n","protected":false},"author":1,"featured_media":309,"comment_status":"open","ping_status":"open","sticky":false,"template":"","format":"standard","meta":{"_et_pb_use_builder":"","_et_pb_old_content":"","_et_gb_content_width":"","footnotes":""},"categories":[5],"tags":[],"class_list":["post-308","post","type-post","status-publish","format-standard","has-post-thumbnail","hentry","category-cosmeticos"],"_links":{"self":[{"href":"https:\/\/blog.emporiochapadadiamantina.com.br\/index.php\/wp-json\/wp\/v2\/posts\/308","targetHints":{"allow":["GET"]}}],"collection":[{"href":"https:\/\/blog.emporiochapadadiamantina.com.br\/index.php\/wp-json\/wp\/v2\/posts"}],"about":[{"href":"https:\/\/blog.emporiochapadadiamantina.com.br\/index.php\/wp-json\/wp\/v2\/types\/post"}],"author":[{"embeddable":true,"href":"https:\/\/blog.emporiochapadadiamantina.com.br\/index.php\/wp-json\/wp\/v2\/users\/1"}],"replies":[{"embeddable":true,"href":"https:\/\/blog.emporiochapadadiamantina.com.br\/index.php\/wp-json\/wp\/v2\/comments?post=308"}],"version-history":[{"count":2,"href":"https:\/\/blog.emporiochapadadiamantina.com.br\/index.php\/wp-json\/wp\/v2\/posts\/308\/revisions"}],"predecessor-version":[{"id":311,"href":"https:\/\/blog.emporiochapadadiamantina.com.br\/index.php\/wp-json\/wp\/v2\/posts\/308\/revisions\/311"}],"wp:featuredmedia":[{"embeddable":true,"href":"https:\/\/blog.emporiochapadadiamantina.com.br\/index.php\/wp-json\/wp\/v2\/media\/309"}],"wp:attachment":[{"href":"https:\/\/blog.emporiochapadadiamantina.com.br\/index.php\/wp-json\/wp\/v2\/media?parent=308"}],"wp:term":[{"taxonomy":"category","embeddable":true,"href":"https:\/\/blog.emporiochapadadiamantina.com.br\/index.php\/wp-json\/wp\/v2\/categories?post=308"},{"taxonomy":"post_tag","embeddable":true,"href":"https:\/\/blog.emporiochapadadiamantina.com.br\/index.php\/wp-json\/wp\/v2\/tags?post=308"}],"curies":[{"name":"wp","href":"https:\/\/api.w.org\/{rel}","templated":true}]}}