{"id":29,"date":"2024-08-04T22:19:36","date_gmt":"2024-08-05T01:19:36","guid":{"rendered":"https:\/\/blog.emporiochapadadiamantina.com.br\/?p=29"},"modified":"2024-12-08T13:08:28","modified_gmt":"2024-12-08T16:08:28","slug":"contatos-na-chapada-diamantina-ets-visitam-lencois-e-o-vale-do-capao","status":"publish","type":"post","link":"https:\/\/blog.emporiochapadadiamantina.com.br\/index.php\/2024\/08\/04\/contatos-na-chapada-diamantina-ets-visitam-lencois-e-o-vale-do-capao\/","title":{"rendered":"&#8220;Contatos na Chapada Diamantina&#8221;: ETs visitam Len\u00e7\u00f3is e o Vale do Cap\u00e3o"},"content":{"rendered":"\n<p class=\"has-medium-font-size\"><em>Hippies, coron\u00e9is e seres de outros planetas se encontram nas p\u00e1ginas do romance hist\u00f3rico escrito por Adolfino Neto<\/em><\/p>\n\n\n\n<p class=\"has-drop-cap\">\u00c9 madrugada na cidade de Len\u00e7\u00f3is. De repente, do meio das sombras, surge uma criatura apavorante. Ela tem pele cinza, olhos amarelados e uma perna s\u00f3. O estranho ser libera grunhidos, atravessa a Rua da Baderna e desaparece no conhecido caminho do Serrano. Poucos minutos depois, moradores do Vale do Cap\u00e3o tamb\u00e9m s\u00e3o surpreendidos com a assustadora visita noturna. O medo se alastra, as autoridades n\u00e3o sabem o que fazer, e todos come\u00e7am a se perguntar: \u201cO que \u00e9 aquilo?\u201d<\/p>\n\n\n\n<p>Sequ\u00eancias como essas est\u00e3o no livro <a href=\"https:\/\/www.emporiochapadadiamantina.com.br\/livraria\/contatos-na-chapada-diamantina\">\u201cContatos na Chapada Diamantina\u201d<\/a>, escrito por Adolfino Alves Pereira Neto. Ambientada nos anos 1960, a saga fict\u00edcia resgata figuras emblem\u00e1ticas da regi\u00e3o \u2015 coron\u00e9is, garimpeiros, professores, m\u00edsticos e hippies. Ah! E tem um mendigo muito querido tamb\u00e9m: o simp\u00e1tico Z\u00e9 Estrela. Ele \u00e9, inclusive, o primeiro personagem a ficar cara a cara com o misterioso visitante perneta.<\/p>\n\n\n\n<figure class=\"wp-block-image aligncenter size-full\"><img loading=\"lazy\" decoding=\"async\" width=\"572\" height=\"334\" src=\"https:\/\/blog.emporiochapadadiamantina.com.br\/wp-content\/uploads\/2024\/08\/img01.jpg\" alt=\"\" class=\"wp-image-32\" srcset=\"https:\/\/blog.emporiochapadadiamantina.com.br\/wp-content\/uploads\/2024\/08\/img01.jpg 572w, https:\/\/blog.emporiochapadadiamantina.com.br\/wp-content\/uploads\/2024\/08\/img01-480x280.jpg 480w\" sizes=\"(min-width: 0px) and (max-width: 480px) 480px, (min-width: 481px) 572px, 100vw\" \/><figcaption class=\"wp-element-caption\"><em>No livro &#8220;Contatos na Chapada Diamantina&#8221;, Adolfino Neto d\u00e1 descri\u00e7\u00f5es detalhadas de seres que vivem em outros planetas e explica por que eles vieram para a regi\u00e3o central da Bahia. Foto: Emp\u00f3rio Chapada Diamantina.<\/em><\/figcaption><\/figure>\n\n\n\n<p>Com o avan\u00e7ar da narrativa, descobrimos que o desengon\u00e7ado ET n\u00e3o est\u00e1 sozinho \u2015 ele faz parte de uma col\u00f4nia vinda do planeta Hutazath. Mas por que seres de uma gal\u00e1xia t\u00e3o long\u00ednqua desembarcaram na Chapada Diamantina? Que interesses t\u00eam o monge Jean Fayard e a enfermeira Emanoela Trugani em esconder as evid\u00eancias de que h\u00e1 <a href=\"https:\/\/blog.emporiochapadadiamantina.com.br\/por-que-os-extraterrestres-amam-a-chapada-diamantina\/\">extraterrestres<\/a> vivendo no cora\u00e7\u00e3o da Bahia? Haver\u00e1 uma guerra entre aliens e humanos? Quem vencer\u00e1? \u00c9 a busca por essas respostas que mant\u00eam os leitores presos do come\u00e7o ao fim da hist\u00f3ria.<\/p>\n\n\n\n<p>\u201cRecebo muito esse feedback. As pessoas que leem o livro n\u00e3o conseguem mais parar, pois a obra mexe muito com a imagina\u00e7\u00e3o delas\u201d, revela Adolfino Neto. Morador de Feira de Santana, na Bahia, o autor conheceu a Chapada Diamantina ainda jovem, em 1986, por indica\u00e7\u00e3o de um amigo que ficou encantado pela regi\u00e3o e o convenceu a se aventurar pelo local. Entusiasmado, Adolfino logo pegou seu fusca e visitou Len\u00e7\u00f3is e o Vale do Cap\u00e3o. A paix\u00e3o foi tamanha que, de l\u00e1 para c\u00e1, ele perdeu as contas de quantas vezes j\u00e1 esteve aqui: \u201cEstabeleci que tenho de visitar a Chapada a cada 90 dias. Gosto tanto do lugar que desejo que minhas cinzas sejam espalhadas sobre o Vale do Pati\u201d, confessa.<\/p>\n\n\n\n<p>Apesar de as visitas de Adolfino \u00e0 Chapada serem constantes, a ideia do livro \u201cContatos\u201d s\u00f3 surgiu em 2018, mais de 30 anos depois da primeira viagem. De f\u00e9rias do seu trabalho como administrador, ele resolveu unir duas paix\u00f5es de longa data: o espa\u00e7o sideral e a Chapada Diamantina. \u201cFoi a\u00ed que imaginei uma trama movimentada que tivesse extraterrestres no centro da a\u00e7\u00e3o\u201d, diz o autor.<\/p>\n\n\n\n<figure class=\"wp-block-image aligncenter size-full\"><img loading=\"lazy\" decoding=\"async\" width=\"576\" height=\"336\" src=\"https:\/\/blog.emporiochapadadiamantina.com.br\/wp-content\/uploads\/2024\/08\/img02.jpg\" alt=\"\" class=\"wp-image-34\" srcset=\"https:\/\/blog.emporiochapadadiamantina.com.br\/wp-content\/uploads\/2024\/08\/img02.jpg 576w, https:\/\/blog.emporiochapadadiamantina.com.br\/wp-content\/uploads\/2024\/08\/img02-480x280.jpg 480w\" sizes=\"(min-width: 0px) and (max-width: 480px) 480px, (min-width: 481px) 576px, 100vw\" \/><figcaption class=\"wp-element-caption\"><em>Os extraterrestres do livro &#8220;Contatos na Chapada Diamantina&#8221; defendem a igualdade entre todos os seres&nbsp;e s\u00e3o capazes de se comunicar com os homens por meio de telepatia. Foto: Emp\u00f3rio Chapada Diamantina.<\/em><\/figcaption><\/figure>\n\n\n\n<p>Para construir, de forma veross\u00edmil, o enredo que estava imaginando, Adolfino voltou \u00e0 Chapada e entrevistou diversos moradores com mais de 70 anos. Durante as conversas, al\u00e9m de coletar informa\u00e7\u00f5es hist\u00f3ricas, ele se surpreendeu com algo recorrente em todos os relatos: a presen\u00e7a de luzes brancas flutuando pela regi\u00e3o. Segundo os entrevistados, essas apari\u00e7\u00f5es cintilantes s\u00f3 poderiam ser <a href=\"https:\/\/blog.emporiochapadadiamantina.com.br\/3-lendas-incriveis-sobre-os-diamantes-da-chapada-diamantina\/\">o esp\u00edrito do diamante<\/a>.<\/p>\n\n\n\n<p>A biodiversidade e a riqueza geol\u00f3gica da Chapada Diamantina tamb\u00e9m foram alvo dos estudos de Adolfino. Apesar de a narrativa contada por ele ser fict\u00edcia, muitos dados apresentados no livro s\u00e3o reais. Entre as obras consultadas pelo autor est\u00e3o \u201cHist\u00f3ria Natural da Chapada Diamantina\u201d, de Rodrigo Valle Cezar e Vanessa Aparecida Camargo, e \u201cUm guia para a Chapada Diamantina\u201d, de Roy Funch, bi\u00f3logo, artes\u00e3o e um dos criadores do Parque Nacional da Chapada Diamantina.<\/p>\n\n\n\n<p>Adolfino, ali\u00e1s, expressa sua admira\u00e7\u00e3o por Funch no pr\u00f3logo de \u201cContatos\u201d e ainda o homenageia na trama. A personagem An\u00e1lia Nascimento, uma professora destemida, vision\u00e1ria e inteligente, re\u00fane aliados, confronta o coronel Lacerda e, j\u00e1 na d\u00e9cada de 1960, torna-se uma precursora na luta pela cria\u00e7\u00e3o do PNCD.<\/p>\n\n\n\n<p>Na verdade, a maioria dos personagens transmite sutilmente mensagens de preserva\u00e7\u00e3o e amor \u00e0 natureza: Samara Lacerda s\u00f3 se sente em paz admirando a beleza do Vale do Cap\u00e3o; o coronel Magno precisa se banhar nas \u00e1guas das cachoeiras para se refrescar; os alunos de An\u00e1lia Nascimento s\u00e3o contra o garimpo; e at\u00e9 os ETs querem desfrutar dos recursos naturais da regi\u00e3o. \u201cO livro \u00e9 para nos motivar a entender o que n\u00e3o conhecemos e nos mostrar que extraterrestres, ao contr\u00e1rio do que se propaga no cinema, podem n\u00e3o ser invasores, mas seres que querem dividir o planeta conosco\u201d, finaliza o autor.&nbsp;<\/p>\n\n\n\n<p><a href=\"https:\/\/www.emporiochapadadiamantina.com.br\/livraria\/contatos-na-chapada-diamantina\">Clique aqui, adquira seu exemplar e fa\u00e7a voc\u00ea tamb\u00e9m \u201cContatos na Chapada Diamantina\u201d.<\/a><\/p>\n\n\n\n<p>Se voc\u00ea se interessou pelo tema, no v\u00eddeo a seguir, confira o v\u00eddeo sobre o mesmo assunto no canal Lucas da Chapada. D\u00ea o play e confira.<\/p>\n\n\n\n<figure class=\"wp-block-embed is-type-video is-provider-youtube wp-block-embed-youtube wp-embed-aspect-16-9 wp-has-aspect-ratio\"><div class=\"wp-block-embed__wrapper\">\n<iframe loading=\"lazy\" title=\"Por que os EXTRATERRESTRES visitam a CHAPADA DIAMANTINA? \u2502 Lucas da Chapada\" width=\"1080\" height=\"608\" src=\"https:\/\/www.youtube.com\/embed\/m5CN9IYQDm4?start=12&#038;feature=oembed\"  allow=\"accelerometer; autoplay; clipboard-write; encrypted-media; gyroscope; picture-in-picture; web-share\" referrerpolicy=\"strict-origin-when-cross-origin\" allowfullscreen><\/iframe>\n<\/div><\/figure>\n","protected":false},"excerpt":{"rendered":"<p>Hippies, coron\u00e9is e seres de outros planetas se encontram nas p\u00e1ginas do romance hist\u00f3rico escrito por Adolfino Neto<\/p>\n","protected":false},"author":1,"featured_media":32,"comment_status":"open","ping_status":"open","sticky":false,"template":"","format":"standard","meta":{"_et_pb_use_builder":"off","_et_pb_old_content":"<!-- wp:paragraph -->\n<p><em>Hippies, coron\u00e9is e seres de outros planetas se encontram nas p\u00e1ginas do romance hist\u00f3rico escrito por Adolfino Neto<\/em><\/p>\n<!-- \/wp:paragraph -->\n\n<!-- wp:paragraph -->\n<p>\u00c9 madrugada na cidade de Len\u00e7\u00f3is. De repente, do meio das sombras, surge uma criatura apavorante. Ela tem pele cinza, olhos amarelados e uma perna s\u00f3. O estranho ser libera grunhidos, atravessa a Rua da Baderna e desaparece no conhecido caminho do Serrano. Poucos minutos depois, moradores do Vale do Cap\u00e3o tamb\u00e9m s\u00e3o surpreendidos com a assustadora visita noturna. O medo se alastra, as autoridades n\u00e3o sabem o que fazer, e todos come\u00e7am a se perguntar: \u201cO que \u00e9 aquilo?\u201d<\/p>\n<!-- \/wp:paragraph -->\n\n<!-- wp:paragraph -->\n<p>Sequ\u00eancias como essas est\u00e3o no livro <a href=\"https:\/\/www.emporiochapadadiamantina.com.br\/livraria\/contatos-na-chapada-diamantina\">\u201cContatos na Chapada Diamantina\u201d<\/a>, escrito por Adolfino Alves Pereira Neto. Ambientada nos anos 1960, a saga fict\u00edcia resgata figuras emblem\u00e1ticas da regi\u00e3o \u2015 coron\u00e9is, garimpeiros, professores, m\u00edsticos e hippies. Ah! E tem um mendigo muito querido tamb\u00e9m: o simp\u00e1tico Z\u00e9 Estrela. Ele \u00e9, inclusive, o primeiro personagem a ficar cara a cara com o misterioso visitante perneta.<\/p>\n<!-- \/wp:paragraph -->\n\n<!-- wp:image {\"id\":32,\"sizeSlug\":\"full\",\"linkDestination\":\"none\"} -->\n<figure class=\"wp-block-image size-full\"><img src=\"https:\/\/blog.emporiochapadadiamantina.com.br\/wp-content\/uploads\/2024\/08\/img01.jpg\" alt=\"\" class=\"wp-image-32\"\/><figcaption class=\"wp-element-caption\"><em>No livro \"Contatos na Chapada Diamantina\", Adolfino Neto d\u00e1 descri\u00e7\u00f5es detalhadas de seres que vivem em outros planetas e explica por que eles vieram para a regi\u00e3o central da Bahia. Foto: Emp\u00f3rio Chapada Diamantina.<\/em><\/figcaption><\/figure>\n<!-- \/wp:image -->\n\n<!-- wp:paragraph -->\n<p>Com o avan\u00e7ar da narrativa, descobrimos que o desengon\u00e7ado ET n\u00e3o est\u00e1 sozinho \u2015 ele faz parte de uma col\u00f4nia vinda do planeta Hutazath. Mas por que seres de uma gal\u00e1xia t\u00e3o long\u00ednqua desembarcaram na Chapada Diamantina? Que interesses t\u00eam o monge Jean Fayard e a enfermeira Emanoela Trugani em esconder as evid\u00eancias de que h\u00e1 <a href=\"https:\/\/blog.emporiochapadadiamantina.com.br\/por-que-os-extraterrestres-amam-a-chapada-diamantina\/\">extraterrestres<\/a> vivendo no cora\u00e7\u00e3o da Bahia? Haver\u00e1 uma guerra entre aliens e humanos? Quem vencer\u00e1? \u00c9 a busca por essas respostas que mant\u00eam os leitores presos do come\u00e7o ao fim da hist\u00f3ria.<\/p>\n<!-- \/wp:paragraph -->\n\n<!-- wp:paragraph -->\n<p>\u201cRecebo muito esse feedback. As pessoas que leem o livro n\u00e3o conseguem mais parar, pois a obra mexe muito com a imagina\u00e7\u00e3o delas\u201d, revela Adolfino Neto. Morador de Feira de Santana, na Bahia, o autor conheceu a Chapada Diamantina ainda jovem, em 1986, por indica\u00e7\u00e3o de um amigo que ficou encantado pela regi\u00e3o e o convenceu a se aventurar pelo local. Entusiasmado, Adolfino logo pegou seu fusca e visitou Len\u00e7\u00f3is e o Vale do Cap\u00e3o. A paix\u00e3o foi tamanha que, de l\u00e1 para c\u00e1, ele perdeu as contas de quantas vezes j\u00e1 esteve aqui: \u201cEstabeleci que tenho de visitar a Chapada a cada 90 dias. Gosto tanto do lugar que desejo que minhas cinzas sejam espalhadas sobre o Vale do Pati\u201d, confessa.<\/p>\n<!-- \/wp:paragraph -->\n\n<!-- wp:paragraph -->\n<p>Apesar de as visitas de Adolfino \u00e0 Chapada serem constantes, a ideia do livro \u201cContatos\u201d s\u00f3 surgiu em 2018, mais de 30 anos depois da primeira viagem. De f\u00e9rias do seu trabalho como administrador, ele resolveu unir duas paix\u00f5es de longa data: o espa\u00e7o sideral e a Chapada Diamantina. \u201cFoi a\u00ed que imaginei uma trama movimentada que tivesse extraterrestres no centro da a\u00e7\u00e3o\u201d, diz o autor.<\/p>\n<!-- \/wp:paragraph -->\n\n<!-- wp:image {\"id\":34,\"sizeSlug\":\"full\",\"linkDestination\":\"none\"} -->\n<figure class=\"wp-block-image size-full\"><img src=\"https:\/\/blog.emporiochapadadiamantina.com.br\/wp-content\/uploads\/2024\/08\/img02.jpg\" alt=\"\" class=\"wp-image-34\"\/><figcaption class=\"wp-element-caption\"><em>Os extraterrestres do livro \"Contatos na Chapada Diamantina\" defendem a igualdade entre todos os seres\u00a0e s\u00e3o capazes de se comunicar com os homens por meio de telepatia. Foto: Emp\u00f3rio Chapada Diamantina.<\/em><\/figcaption><\/figure>\n<!-- \/wp:image -->\n\n<!-- wp:paragraph -->\n<p>Para construir, de forma veross\u00edmil, o enredo que estava imaginando, Adolfino voltou \u00e0 Chapada e entrevistou diversos moradores com mais de 70 anos. Durante as conversas, al\u00e9m de coletar informa\u00e7\u00f5es hist\u00f3ricas, ele se surpreendeu com algo recorrente em todos os relatos: a presen\u00e7a de luzes brancas flutuando pela regi\u00e3o. Segundo os entrevistados, essas apari\u00e7\u00f5es cintilantes s\u00f3 poderiam ser <a href=\"https:\/\/blog.emporiochapadadiamantina.com.br\/3-lendas-incriveis-sobre-os-diamantes-da-chapada-diamantina\/\">o esp\u00edrito do diamante<\/a>.<\/p>\n<!-- \/wp:paragraph -->\n\n<!-- wp:paragraph -->\n<p>A biodiversidade e a riqueza geol\u00f3gica da Chapada Diamantina tamb\u00e9m foram alvo dos estudos de Adolfino. Apesar de a narrativa contada por ele ser fict\u00edcia, muitos dados apresentados no livro s\u00e3o reais. Entre as obras consultadas pelo autor est\u00e3o \u201cHist\u00f3ria Natural da Chapada Diamantina\u201d, de Rodrigo Valle Cezar e Vanessa Aparecida Camargo, e \u201cUm guia para a Chapada Diamantina\u201d, de Roy Funch, bi\u00f3logo, artes\u00e3o e um dos criadores do Parque Nacional da Chapada Diamantina.<\/p>\n<!-- \/wp:paragraph -->\n\n<!-- wp:paragraph -->\n<p>Adolfino, ali\u00e1s, expressa sua admira\u00e7\u00e3o por Funch no pr\u00f3logo de \u201cContatos\u201d e ainda o homenageia na trama. A personagem An\u00e1lia Nascimento, uma professora destemida, vision\u00e1ria e inteligente, re\u00fane aliados, confronta o coronel Lacerda e, j\u00e1 na d\u00e9cada de 1960, torna-se uma precursora na luta pela cria\u00e7\u00e3o do PNCD.<\/p>\n<!-- \/wp:paragraph -->\n\n<!-- wp:paragraph -->\n<p>Na verdade, a maioria dos personagens transmite sutilmente mensagens de preserva\u00e7\u00e3o e amor \u00e0 natureza: Samara Lacerda s\u00f3 se sente em paz admirando a beleza do Vale do Cap\u00e3o; o coronel Magno precisa se banhar nas \u00e1guas das cachoeiras para se refrescar; os alunos de An\u00e1lia Nascimento s\u00e3o contra o garimpo; e at\u00e9 os ETs querem desfrutar dos recursos naturais da regi\u00e3o. \u201cO livro \u00e9 para nos motivar a entender o que n\u00e3o conhecemos e nos mostrar que extraterrestres, ao contr\u00e1rio do que se propaga no cinema, podem n\u00e3o ser invasores, mas seres que querem dividir o planeta conosco\u201d, finaliza o autor.&nbsp;<\/p>\n<!-- \/wp:paragraph -->\n\n<!-- wp:paragraph -->\n<p><a href=\"https:\/\/www.emporiochapadadiamantina.com.br\/livraria\/contatos-na-chapada-diamantina\">Clique aqui, adquira seu exemplar e fa\u00e7a voc\u00ea tamb\u00e9m \u201cContatos na Chapada Diamantina\u201d.<\/a><\/p>\n<!-- \/wp:paragraph -->","_et_gb_content_width":"","footnotes":""},"categories":[7],"tags":[],"class_list":["post-29","post","type-post","status-publish","format-standard","has-post-thumbnail","hentry","category-livros"],"_links":{"self":[{"href":"https:\/\/blog.emporiochapadadiamantina.com.br\/index.php\/wp-json\/wp\/v2\/posts\/29","targetHints":{"allow":["GET"]}}],"collection":[{"href":"https:\/\/blog.emporiochapadadiamantina.com.br\/index.php\/wp-json\/wp\/v2\/posts"}],"about":[{"href":"https:\/\/blog.emporiochapadadiamantina.com.br\/index.php\/wp-json\/wp\/v2\/types\/post"}],"author":[{"embeddable":true,"href":"https:\/\/blog.emporiochapadadiamantina.com.br\/index.php\/wp-json\/wp\/v2\/users\/1"}],"replies":[{"embeddable":true,"href":"https:\/\/blog.emporiochapadadiamantina.com.br\/index.php\/wp-json\/wp\/v2\/comments?post=29"}],"version-history":[{"count":6,"href":"https:\/\/blog.emporiochapadadiamantina.com.br\/index.php\/wp-json\/wp\/v2\/posts\/29\/revisions"}],"predecessor-version":[{"id":302,"href":"https:\/\/blog.emporiochapadadiamantina.com.br\/index.php\/wp-json\/wp\/v2\/posts\/29\/revisions\/302"}],"wp:featuredmedia":[{"embeddable":true,"href":"https:\/\/blog.emporiochapadadiamantina.com.br\/index.php\/wp-json\/wp\/v2\/media\/32"}],"wp:attachment":[{"href":"https:\/\/blog.emporiochapadadiamantina.com.br\/index.php\/wp-json\/wp\/v2\/media?parent=29"}],"wp:term":[{"taxonomy":"category","embeddable":true,"href":"https:\/\/blog.emporiochapadadiamantina.com.br\/index.php\/wp-json\/wp\/v2\/categories?post=29"},{"taxonomy":"post_tag","embeddable":true,"href":"https:\/\/blog.emporiochapadadiamantina.com.br\/index.php\/wp-json\/wp\/v2\/tags?post=29"}],"curies":[{"name":"wp","href":"https:\/\/api.w.org\/{rel}","templated":true}]}}